{"id":1182,"date":"2023-04-02T22:14:48","date_gmt":"2023-04-03T02:14:48","guid":{"rendered":"https:\/\/blog.richmond.edu\/bilingualism411\/?p=1182"},"modified":"2023-04-02T22:14:48","modified_gmt":"2023-04-03T02:14:48","slug":"esquema-sofia-ringvald","status":"publish","type":"post","link":"https:\/\/blog.richmond.edu\/bilingualism411\/2023\/04\/02\/esquema-sofia-ringvald\/","title":{"rendered":"Esquema-Sofia Ringvald"},"content":{"rendered":"<p><span style=\"font-weight: 400\">ESQUEMA:<\/span><\/p>\n<p><span style=\"font-weight: 400\">Tema: relaci\u00f3n entre la lengua y la identidad y como el biling\u00fcismo afecta les identidades\u00a0<\/span><\/p>\n<p><b>Tesis: <\/b><span style=\"font-weight: 400\">\u200b\u200bEl biling\u00fcismo tiene un impacto significativo en la construcci\u00f3n de la identidad individual y cultural, ya que el lenguaje es un factor clave en la formaci\u00f3n de la identidad y el biling\u00fcismo ofrece una perspectiva \u00fanica para la exploraci\u00f3n y la expresi\u00f3n de la identidad.<\/span><\/p>\n<ul>\n<li style=\"font-weight: 400\"><span style=\"font-weight: 400\">Generalizaci\u00f3n de IDENTIDAD (espec\u00edficamente Latinx)<\/span><\/li>\n<\/ul>\n<ul>\n<li style=\"font-weight: 400\"><span style=\"font-weight: 400\">Construcciones de la identidad\u00a0<\/span>\n<ul>\n<li style=\"font-weight: 400\"><span style=\"font-weight: 400\">Sociales<\/span><\/li>\n<li style=\"font-weight: 400\"><span style=\"font-weight: 400\">Linguisticas\u00a0<\/span><\/li>\n<li style=\"font-weight: 400\"><span style=\"font-weight: 400\">Interseccionales<\/span><\/li>\n<li style=\"font-weight: 400\"><span style=\"font-weight: 400\">Relacionales\u00a0<\/span><\/li>\n<li style=\"font-weight: 400\"><span style=\"font-weight: 400\">Capaz que hablo un poco de la raza en am\u00e9rica latina en comparaci\u00f3n a en los estados unidos (no se todavia)\u00a0<\/span>\n<ul>\n<li style=\"font-weight: 400\"><span style=\"font-weight: 400\">USANDO POTOWSKI Y OTRES<\/span><\/li>\n<\/ul>\n<\/li>\n<\/ul>\n<\/li>\n<\/ul>\n<ul>\n<li style=\"font-weight: 400\"><span style=\"font-weight: 400\">Generalizaci\u00f3n de BILING\u00dcISMO<\/span>\n<ul>\n<li style=\"font-weight: 400\"><span style=\"font-weight: 400\">Importance of dimensions:<\/span>\n<ul>\n<li style=\"font-weight: 400\"><span style=\"font-weight: 400\">Edad y contexto de adquisici\u00f3n<\/span><\/li>\n<li style=\"font-weight: 400\"><span style=\"font-weight: 400\">Orden de adquisici\u00f3n\u00a0<\/span><\/li>\n<li style=\"font-weight: 400\"><span style=\"font-weight: 400\">Habilidad funcional \/ competence\u00a0<\/span><\/li>\n<li style=\"font-weight: 400\"><span style=\"font-weight: 400\">Social-cultural status de la lengua<\/span>\n<ul>\n<li style=\"font-weight: 400\"><span style=\"font-weight: 400\">USANDO CAP\u00cdTULOS DE MONTRUL<\/span><\/li>\n<\/ul>\n<\/li>\n<\/ul>\n<\/li>\n<\/ul>\n<\/li>\n<li style=\"font-weight: 400\"><span style=\"font-weight: 400\">Com\u00f3 el biling\u00fcismo afecta la identidad directamente\u00a0<\/span>\n<ul>\n<li style=\"font-weight: 400\"><span style=\"font-weight: 400\">Identidad cultural: El biling\u00fcismo puede permitir a una persona conectarse con su cultura de origen y comprender mejor sus valores y tradiciones<\/span><\/li>\n<li style=\"font-weight: 400\"><span style=\"font-weight: 400\">Identidad personal: El lenguaje puede ser una herramienta poderosa para expresar la personalidad y las emociones.\u00a0<\/span><\/li>\n<li style=\"font-weight: 400\"><span style=\"font-weight: 400\">Identidad social: El lenguaje puede tener un impacto en la forma en que una persona se relaciona con los dem\u00e1s. El biling\u00fcismo puede permitir a una persona interactuar con personas de diferentes or\u00edgenes y culturas y comprender mejor sus perspectivas. Pero tambien puede generar sentimientos de inseguridad o discriminaci\u00f3n\u00a0<\/span><\/li>\n<\/ul>\n<\/li>\n<li style=\"font-weight: 400\"><span style=\"font-weight: 400\">Conclusion<\/span>\n<ul>\n<li style=\"font-weight: 400\"><span style=\"font-weight: 400\">Why does this matter for people<\/span><\/li>\n<\/ul>\n<\/li>\n<\/ul>\n","protected":false},"excerpt":{"rendered":"<p>ESQUEMA: Tema: relaci\u00f3n entre la lengua y la identidad y como el biling\u00fcismo afecta les identidades\u00a0 Tesis: \u200b\u200bEl biling\u00fcismo tiene<\/p>\n","protected":false},"author":4584,"featured_media":0,"comment_status":"open","ping_status":"open","sticky":false,"template":"","format":"standard","meta":{"colormag_page_layout":"default_layout","footnotes":""},"categories":[64978],"tags":[],"coauthors":[109902],"class_list":["post-1182","post","type-post","status-publish","format-standard","hentry","category-esquema"],"jetpack_featured_media_url":"","_links":{"self":[{"href":"https:\/\/blog.richmond.edu\/bilingualism411\/wp-json\/wp\/v2\/posts\/1182","targetHints":{"allow":["GET"]}}],"collection":[{"href":"https:\/\/blog.richmond.edu\/bilingualism411\/wp-json\/wp\/v2\/posts"}],"about":[{"href":"https:\/\/blog.richmond.edu\/bilingualism411\/wp-json\/wp\/v2\/types\/post"}],"author":[{"embeddable":true,"href":"https:\/\/blog.richmond.edu\/bilingualism411\/wp-json\/wp\/v2\/users\/4584"}],"replies":[{"embeddable":true,"href":"https:\/\/blog.richmond.edu\/bilingualism411\/wp-json\/wp\/v2\/comments?post=1182"}],"version-history":[{"count":1,"href":"https:\/\/blog.richmond.edu\/bilingualism411\/wp-json\/wp\/v2\/posts\/1182\/revisions"}],"predecessor-version":[{"id":1183,"href":"https:\/\/blog.richmond.edu\/bilingualism411\/wp-json\/wp\/v2\/posts\/1182\/revisions\/1183"}],"wp:attachment":[{"href":"https:\/\/blog.richmond.edu\/bilingualism411\/wp-json\/wp\/v2\/media?parent=1182"}],"wp:term":[{"taxonomy":"category","embeddable":true,"href":"https:\/\/blog.richmond.edu\/bilingualism411\/wp-json\/wp\/v2\/categories?post=1182"},{"taxonomy":"post_tag","embeddable":true,"href":"https:\/\/blog.richmond.edu\/bilingualism411\/wp-json\/wp\/v2\/tags?post=1182"},{"taxonomy":"author","embeddable":true,"href":"https:\/\/blog.richmond.edu\/bilingualism411\/wp-json\/wp\/v2\/coauthors?post=1182"}],"curies":[{"name":"wp","href":"https:\/\/api.w.org\/{rel}","templated":true}]}}